{"id":1036,"date":"2009-02-06T09:23:08","date_gmt":"2009-02-06T08:23:08","guid":{"rendered":"http:\/\/www.jestempaniadomu.pl\/?p=1036"},"modified":"2025-05-31T09:45:30","modified_gmt":"2025-05-31T08:45:30","slug":"papryka-traci-kolor","status":"publish","type":"post","link":"https:\/\/www.jestempaniadomu.pl\/index.php\/2009\/02\/papryka-traci-kolor\/","title":{"rendered":"Papryka traci kolor"},"content":{"rendered":"<h2>Jak przechowywa\u0107 mielon\u0105 papryk\u0119, aby zachowa\u0107 jej kolor i aromat?<\/h2>\n<p><img loading=\"lazy\" decoding=\"async\" class=\"attachment wp-att-1037 alignleft\" src=\"https:\/\/www.jestempaniadomu.pl\/wp-content\/uploads\/2009\/02\/miel-papryka.thumbnail.jpg\" alt=\"mielona papryka\" width=\"200\" height=\"200\" \/><\/p>\n<p>Mielona papryka to niezast\u0105piony sk\u0142adnik wielu potraw, dodaj\u0105cy im nie tylko intensywnego koloru, ale i charakterystycznego, aromatycznego smaku.  Aby jednak cieszy\u0107 si\u0119 jej walorami smakowymi i wizualnymi przez d\u0142ugi czas,  <strong>prawid\u0142owe przechowywanie<\/strong> jest kluczowe.  Nieprawid\u0142owo przechowywana papryka szybko traci swoje w\u0142a\u015bciwo\u015bci, blaknie i  zmienia smak.<\/p>\n<h3>Dlaczego przechowywanie mielonej papryki jest tak wa\u017cne?<\/h3>\n<p>Pod wp\u0142ywem \u015bwiat\u0142a, powietrza i wilgoci mielona papryka stopniowo traci sw\u00f3j intensywny czerwony kolor, a jej aromat s\u0142abnie.  Utlenianie i dzia\u0142anie \u015bwiat\u0142a powoduj\u0105 rozk\u0142ad barwnik\u00f3w i zwi\u0105zk\u00f3w aromatycznych, co przek\u0142ada si\u0119 na gorszy smak i wygl\u0105d przyprawy.  Dlatego tak wa\u017cne jest, aby zadba\u0107 o odpowiednie warunki przechowywania.<\/p>\n<h3>Jak prawid\u0142owo przechowywa\u0107 mielon\u0105 papryk\u0119?<\/h3>\n<p>Kluczem do zachowania jako\u015bci mielonej papryki jest ochrona jej przed \u015bwiat\u0142em, powietrzem i wilgoci\u0105.  Zalecamy stosowanie si\u0119 do nast\u0119puj\u0105cych wskaz\u00f3wek:<\/p>\n<ul>\n<li><strong>Wybierz ciemne i szczelne naczynie:<\/strong>  Najlepsze b\u0119d\u0105 szklane s\u0142oiki lub pojemniki z ciemnego, nieprzepuszczaj\u0105cego \u015bwiat\u0142a tworzywa sztucznego.  Unikaj pojemnik\u00f3w metalowych, kt\u00f3re mog\u0105 reagowa\u0107 z przypraw\u0105.<\/li>\n<li>Zapewnij szczelne zamkni\u0119cie:  Po ka\u017cdym u\u017cyciu dok\u0142adnie zamknij pojemnik, aby zapobiec dost\u0119powi powietrza i wilgoci.<\/li>\n<li>Przechowuj w suchym i ciemnym miejscu:  Unikaj miejsc wilgotnych i nara\u017conych na bezpo\u015brednie dzia\u0142anie promieni s\u0142onecznych.  Idealne b\u0119dzie  ch\u0142odna, ciemna szafka w kuchni, z dala od kuchenki i innych \u017ar\u00f3de\u0142 ciep\u0142a.<\/li>\n<li>Kupuj mniejsze ilo\u015bci:  Zamiast kupowa\u0107 du\u017ce opakowania mielonej papryki, lepiej jest nabywa\u0107 mniejsze ilo\u015bci, kt\u00f3re szybciej zu\u017cyjesz, minimalizuj\u0105c ryzyko utraty jako\u015bci.<\/li>\n<\/ul>\n<h3>Dodatkowe wskaz\u00f3wki dla perfekcyjnego przechowywania:<\/h3>\n<p>Aby jeszcze lepiej zabezpieczy\u0107 mielon\u0105 papryk\u0119 przed wilgoci\u0105, mo\u017cesz umie\u015bci\u0107 w pojemniku ma\u0142y woreczek z krzemionk\u0105 (dost\u0119pny w wielu sklepach spo\u017cywczych i aptekach). Krzemionka skutecznie poch\u0142ania wilgo\u0107 z otoczenia.<\/p>\n<p>Stosuj\u0105c si\u0119 do tych prostych zasad, zapewniasz sobie, \u017ce Twoja mielona papryka zachowa sw\u00f3j intensywny kolor, aromat i smak przez d\u0142ugi czas, a Twoje potrawy b\u0119d\u0105 zawsze pe\u0142ne smaku i pi\u0119knie wygl\u0105da\u0107!<\/p>\n<p><strong>Pami\u0119taj:<\/strong> prawid\u0142owe przechowywanie przypraw to podstawa udanych kulinarnych eksperyment\u00f3w!<\/p>\n","protected":false},"excerpt":{"rendered":"<p>Jak przechowywa\u0107 mielon\u0105 papryk\u0119, aby zachowa\u0107 jej kolor i aromat? Mielona papryka to niezast\u0105piony sk\u0142adnik wielu potraw, dodaj\u0105cy im nie tylko intensywnego koloru, ale i charakterystycznego, aromatycznego smaku. Aby jednak cieszy\u0107 si\u0119 jej walorami smakowymi i wizualnymi przez d\u0142ugi czas, prawid\u0142owe przechowywanie jest kluczowe. Nieprawid\u0142owo przechowywana papryka szybko traci swoje w\u0142a\u015bciwo\u015bci, blaknie i zmienia smak. [&hellip;]<\/p>\n","protected":false},"author":1,"featured_media":0,"comment_status":"closed","ping_status":"closed","sticky":false,"template":"","format":"standard","meta":{"_et_pb_use_builder":"","_et_pb_old_content":"","_et_gb_content_width":"","footnotes":"","_wpscppro_dont_share_socialmedia":false,"_wpscppro_custom_social_share_image":0,"_facebook_share_type":"","_twitter_share_type":"","_linkedin_share_type":"","_pinterest_share_type":"","_linkedin_share_type_page":"","_instagram_share_type":"","_medium_share_type":"","_threads_share_type":"","_google_business_share_type":"","_selected_social_profile":[],"_wpsp_enable_custom_social_template":false,"_wpsp_social_scheduling":{"enabled":false,"datetime":null,"platforms":[],"status":"template_only","dateOption":"today","timeOption":"now","customDays":"","customHours":"","customDate":"","customTime":"","schedulingType":"absolute"},"_wpsp_active_default_template":true},"categories":[42],"tags":[288,382,150,360],"class_list":["post-1036","post","type-post","status-publish","format-standard","hentry","category-ziolaiprzyprawy","tag-mielone","tag-papryka","tag-przechowywanie","tag-ziola","et-doesnt-have-format-content","et_post_format-et-post-format-standard"],"aioseo_notices":[],"_links":{"self":[{"href":"https:\/\/www.jestempaniadomu.pl\/index.php\/wp-json\/wp\/v2\/posts\/1036","targetHints":{"allow":["GET"]}}],"collection":[{"href":"https:\/\/www.jestempaniadomu.pl\/index.php\/wp-json\/wp\/v2\/posts"}],"about":[{"href":"https:\/\/www.jestempaniadomu.pl\/index.php\/wp-json\/wp\/v2\/types\/post"}],"author":[{"embeddable":true,"href":"https:\/\/www.jestempaniadomu.pl\/index.php\/wp-json\/wp\/v2\/users\/1"}],"replies":[{"embeddable":true,"href":"https:\/\/www.jestempaniadomu.pl\/index.php\/wp-json\/wp\/v2\/comments?post=1036"}],"version-history":[{"count":0,"href":"https:\/\/www.jestempaniadomu.pl\/index.php\/wp-json\/wp\/v2\/posts\/1036\/revisions"}],"wp:attachment":[{"href":"https:\/\/www.jestempaniadomu.pl\/index.php\/wp-json\/wp\/v2\/media?parent=1036"}],"wp:term":[{"taxonomy":"category","embeddable":true,"href":"https:\/\/www.jestempaniadomu.pl\/index.php\/wp-json\/wp\/v2\/categories?post=1036"},{"taxonomy":"post_tag","embeddable":true,"href":"https:\/\/www.jestempaniadomu.pl\/index.php\/wp-json\/wp\/v2\/tags?post=1036"}],"curies":[{"name":"wp","href":"https:\/\/api.w.org\/{rel}","templated":true}]}}