{"id":1695,"date":"2009-02-15T10:49:38","date_gmt":"2009-02-15T09:49:38","guid":{"rendered":"http:\/\/www.jestempaniadomu.pl\/?p=1695"},"modified":"2025-05-31T10:12:24","modified_gmt":"2025-05-31T09:12:24","slug":"skora-i-lakier-do-wlosow","status":"publish","type":"post","link":"https:\/\/www.jestempaniadomu.pl\/index.php\/2009\/02\/skora-i-lakier-do-wlosow\/","title":{"rendered":"Sk\u00f3ra i lakier do w\u0142os\u00f3w"},"content":{"rendered":"<h2>Nowa sk\u00f3rzana kurtka? Jak unikn\u0105\u0107 farbowania i zadba\u0107 o jej pi\u0119kno<\/h2>\n<p><img loading=\"lazy\" decoding=\"async\" class=\"attachment wp-att-3276 alignleft\" src=\"https:\/\/www.jestempaniadomu.pl\/wp-content\/uploads\/2009\/11\/sk\u00f3ra-glansowana1.jpg\" alt=\"sk\u00f3ra glansowana\" width=\"150\" height=\"112\" \/><\/p>\n<p>Zakupi\u0142a\u015b now\u0105, pi\u0119kn\u0105 kurtk\u0119 ze sk\u00f3ry? Gratulacje!  Sk\u00f3ra to materia\u0142 szlachetny, ale wymaga odpowiedniej piel\u0119gnacji.  Cz\u0119sto zdarza si\u0119, \u017ce nowe kurtki, zw\u0142aszcza te wykonane z ciemnej, szorstkiej sk\u00f3ry,  &#8222;farbuj\u0105&#8221;.  Nie panikuj!  To normalne zjawisko.  <\/p>\n<h3>Dlaczego nowa sk\u00f3rzana kurtka farbuje?<\/h3>\n<p>Farbowanie nowej kurtki sk\u00f3rzanej to zazwyczaj efekt drobnego, delikatnego py\u0142u, pozosta\u0142o\u015bci po procesie garbowania i obr\u00f3bki sk\u00f3ry.  Ten py\u0142 jest ca\u0142kowicie naturalny i z czasem znika.  Nie jest to wada materia\u0142u, a raczej jego cecha, kt\u00f3ra znika wraz z u\u017cytkowaniem.  Mo\u017cesz jednak przyspieszy\u0107 ten proces i <strong>zapobiec<\/strong>  niepo\u017c\u0105danym zabrudzeniom.<\/p>\n<h3>Jak zapobiec farbowaniu sk\u00f3rzanej kurtki?<\/h3>\n<p>Istnieje kilka prostych sposob\u00f3w, aby zminimalizowa\u0107 problem farbowania i cieszy\u0107 si\u0119 swoj\u0105 now\u0105 kurtk\u0105 przez d\u0142ugi czas. Oto kilka sprawdzonych porad:<\/p>\n<ul>\n<li><strong>Regularne wietrzenie:<\/strong>  Po zakupie kurtki, a tak\u017ce po ka\u017cdym d\u0142u\u017cszym okresie przechowywania, warto j\u0105 dobrze wywietrzy\u0107.  Pozwoli to na usuni\u0119cie nadmiaru py\u0142u.<\/li>\n<li>Delikatne czyszczenie:  Do czyszczenia sk\u00f3ry u\u017cywaj mi\u0119kkiej szmatki lub specjalnych \u015brodk\u00f3w do piel\u0119gnacji sk\u00f3ry.  Unikaj agresywnych detergent\u00f3w i szorowania.<\/li>\n<li>Impregnacja:  Zabezpiecz sk\u00f3r\u0119 specjalnym impregnatem, kt\u00f3ry ochroni j\u0105 przed wilgoci\u0105 i zabrudzeniami.  Impregnat utworzy na powierzchni sk\u00f3ry barier\u0119 ochronn\u0105, zmniejszaj\u0105c ryzyko farbowania.<\/li>\n<li>Spray do w\u0142os\u00f3w:  To stary, sprawdzony spos\u00f3b!  Lekkie spryskanie kurtki lakierem do w\u0142os\u00f3w (z niewielkiej odleg\u0142o\u015bci) mo\u017ce pom\u00f3c w utrwaleniu py\u0142u i zmniejszy\u0107 jego odrywanie si\u0119 od powierzchni sk\u00f3ry.  U\u017cywaj jednak tej metody z umiarem i testuj j\u0105 najpierw w niewidocznym miejscu.<\/li>\n<\/ul>\n<h3>Piel\u0119gnacja sk\u00f3rzanej kurtki &#8211; podsumowanie<\/h3>\n<p>Pami\u0119taj, \u017ce <strong>prawid\u0142owa piel\u0119gnacja<\/strong>  sk\u00f3ry to klucz do jej d\u0142ugowieczno\u015bci i pi\u0119knego wygl\u0105du.  Regularne czyszczenie, impregnacja i odpowiednie przechowywanie sprawi\u0105, \u017ce twoja sk\u00f3rzana kurtka b\u0119dzie s\u0142u\u017cy\u0107 Ci przez wiele sezon\u00f3w.  Je\u017celi problem farbowania nadal Ci\u0119 nurtuje, skonsultuj si\u0119 ze specjalist\u0105 od czyszczenia i piel\u0119gnacji wyrob\u00f3w sk\u00f3rzanych.<\/p>\n","protected":false},"excerpt":{"rendered":"<p>Nowa sk\u00f3rzana kurtka? Jak unikn\u0105\u0107 farbowania i zadba\u0107 o jej pi\u0119kno Zakupi\u0142a\u015b now\u0105, pi\u0119kn\u0105 kurtk\u0119 ze sk\u00f3ry? Gratulacje! Sk\u00f3ra to materia\u0142 szlachetny, ale wymaga odpowiedniej piel\u0119gnacji. Cz\u0119sto zdarza si\u0119, \u017ce nowe kurtki, zw\u0142aszcza te wykonane z ciemnej, szorstkiej sk\u00f3ry, &#8222;farbuj\u0105&#8221;. Nie panikuj! To normalne zjawisko. Dlaczego nowa sk\u00f3rzana kurtka farbuje? Farbowanie nowej kurtki sk\u00f3rzanej to [&hellip;]<\/p>\n","protected":false},"author":1,"featured_media":0,"comment_status":"open","ping_status":"closed","sticky":false,"template":"","format":"standard","meta":{"_et_pb_use_builder":"","_et_pb_old_content":"","_et_gb_content_width":"","footnotes":"","_wpscppro_dont_share_socialmedia":false,"_wpscppro_custom_social_share_image":0,"_facebook_share_type":"","_twitter_share_type":"","_linkedin_share_type":"","_pinterest_share_type":"","_linkedin_share_type_page":"","_instagram_share_type":"","_medium_share_type":"","_threads_share_type":"","_google_business_share_type":"","_selected_social_profile":[],"_wpsp_enable_custom_social_template":false,"_wpsp_social_scheduling":{"enabled":false,"datetime":null,"platforms":[],"status":"template_only","dateOption":"today","timeOption":"now","customDays":"","customHours":"","customDate":"","customTime":"","schedulingType":"absolute"},"_wpsp_active_default_template":true},"categories":[23],"tags":[658,706,186],"class_list":["post-1695","post","type-post","status-publish","format-standard","hentry","category-skora-odziez","tag-farbowanie","tag-plama","tag-skora","et-doesnt-have-format-content","et_post_format-et-post-format-standard"],"aioseo_notices":[],"_links":{"self":[{"href":"https:\/\/www.jestempaniadomu.pl\/index.php\/wp-json\/wp\/v2\/posts\/1695","targetHints":{"allow":["GET"]}}],"collection":[{"href":"https:\/\/www.jestempaniadomu.pl\/index.php\/wp-json\/wp\/v2\/posts"}],"about":[{"href":"https:\/\/www.jestempaniadomu.pl\/index.php\/wp-json\/wp\/v2\/types\/post"}],"author":[{"embeddable":true,"href":"https:\/\/www.jestempaniadomu.pl\/index.php\/wp-json\/wp\/v2\/users\/1"}],"replies":[{"embeddable":true,"href":"https:\/\/www.jestempaniadomu.pl\/index.php\/wp-json\/wp\/v2\/comments?post=1695"}],"version-history":[{"count":0,"href":"https:\/\/www.jestempaniadomu.pl\/index.php\/wp-json\/wp\/v2\/posts\/1695\/revisions"}],"wp:attachment":[{"href":"https:\/\/www.jestempaniadomu.pl\/index.php\/wp-json\/wp\/v2\/media?parent=1695"}],"wp:term":[{"taxonomy":"category","embeddable":true,"href":"https:\/\/www.jestempaniadomu.pl\/index.php\/wp-json\/wp\/v2\/categories?post=1695"},{"taxonomy":"post_tag","embeddable":true,"href":"https:\/\/www.jestempaniadomu.pl\/index.php\/wp-json\/wp\/v2\/tags?post=1695"}],"curies":[{"name":"wp","href":"https:\/\/api.w.org\/{rel}","templated":true}]}}