{"id":3594,"date":"2010-11-05T07:25:48","date_gmt":"2010-11-05T06:25:48","guid":{"rendered":"http:\/\/www.jestempaniadomu.pl\/?p=3594"},"modified":"2025-06-02T12:42:34","modified_gmt":"2025-06-02T11:42:34","slug":"kalendarz-prac-ogrodowych-listopad","status":"publish","type":"post","link":"https:\/\/www.jestempaniadomu.pl\/index.php\/2010\/11\/kalendarz-prac-ogrodowych-listopad\/","title":{"rendered":"Kalendarz prac ogrodowych &#8211; Listopad"},"content":{"rendered":"<h2>Przygotuj sw\u00f3j ogr\u00f3d na zim\u0119!<\/h2>\n<p><img loading=\"lazy\" decoding=\"async\" class=\"attachment wp-att-3590 alignleft\" src=\"https:\/\/www.jestempaniadomu.pl\/wp-content\/uploads\/2010\/04\/ogr\u00f3d.jpg\" alt=\"ogr\u00f3d\" width=\"100\" height=\"150\" \/><\/p>\n<p>Jesie\u0144 powoli odchodzi, a przed nami zima. To czas, kiedy nasz ogr\u00f3d potrzebuje szczeg\u00f3lnej troski, aby przetrwa\u0107 mrozy i powr\u00f3ci\u0107 wiosn\u0105 w pe\u0142nej krasie.  <strong>Zima<\/strong> to okres spoczynku dla ro\u015blin, ale odpowiednie przygotowanie jest kluczowe dla ich zdrowia i obfitego kwitnienia w przysz\u0142ym roku.  Dlatego warto po\u015bwi\u0119ci\u0107 troch\u0119 czasu na zabezpieczenie ro\u015blin przed nadchodz\u0105cymi mrozami.<\/p>\n<h3>Jak zabezpieczy\u0107 ro\u015bliny przed zim\u0105?<\/h3>\n<p>Przygotowanie ogrodu do zimy nie jest skomplikowane, ale wymaga systematycznego podej\u015bcia. Oto kilka niezb\u0119dnych krok\u00f3w, kt\u00f3re pomog\u0105 Ci zadba\u0107 o Twoje zielone skarby:<\/p>\n<ul>\n<li><strong>Ochrona przed mrozem:<\/strong>  Zgromad\u017a niezb\u0119dne materia\u0142y: mielon\u0105 kor\u0119, kompost, s\u0142omiane maty oraz ga\u0142\u0105zki drzew iglastych. Te materia\u0142y pos\u0142u\u017c\u0105 jako izolacja termiczna i ochrona przed silnymi wiatrami.<\/li>\n<li>Opad\u0142e li\u015bcie:  Je\u017celi li\u015bcie s\u0105 zdrowe, nie \u015bpiesz si\u0119 z ich grabieniem. Pozostaw je pod drzewami i na rabatach kwiatowych. Stanowi\u0105 one naturaln\u0105 warstw\u0119 izolacyjn\u0105, chroni\u0105c\u0105 gleb\u0119 przed przemarzni\u0119ciem.  To naturalny i ekologiczny spos\u00f3b na <strong>ochron\u0119 ro\u015blin<\/strong>.<\/li>\n<li>M\u0142ode byliny: Nowo posadzone byliny s\u0105 szczeg\u00f3lnie wra\u017cliwe na mr\u00f3z.  Okryj je warstw\u0105 ga\u0142\u0105zek iglastych, aby zapewni\u0107 im odpowiedni\u0105 ochron\u0119 przed niskimi temperaturami.<\/li>\n<li>Krzewy wra\u017cliwe na mr\u00f3z: R\u00f3\u017ce, magnolie, rododendrony i inne delikatne krzewy wymagaj\u0105 szczeg\u00f3lnej uwagi. Przed okryciem ro\u015blin,  je\u015bli nie pada, pami\u0119taj o ich solidnym podlaniu (oko\u0142o 5 litr\u00f3w wody na ka\u017cd\u0105 ro\u015blin\u0119).  To zapewni im odpowiednie nawodnienie przed zim\u0105. Nast\u0119pnie okryj je materia\u0142em ochronnym, chroni\u0105c przed mrozem i wiatrem.<\/li>\n<li>\u015aci\u00f3\u0142kowanie: Wok\u00f3\u0142 drzew i krzew\u00f3w iglastych oraz nowo posadzonych bylin roz\u0142\u00f3\u017c warstw\u0119 \u015bci\u00f3\u0142ki (kora, torf lub kompost) o grubo\u015bci 10-15 cm. \u015aci\u00f3\u0142ka chroni korzenie przed przemarzaniem i utrzymuje wilgotno\u015b\u0107 gleby.<\/li>\n<\/ul>\n<p>Pami\u0119taj, \u017ce odpowiednie przygotowanie ogrodu na zim\u0119 to inwestycja w jego zdrowie i urod\u0119 w kolejnym sezonie. Dzi\u0119ki tym prostym zabiegom zapewnisz swoim ro\u015blinom spokojn\u0105 zim\u0119 i  pi\u0119kny, kwitn\u0105cy ogr\u00f3d na wiosn\u0119!<\/p>\n","protected":false},"excerpt":{"rendered":"<p>Przygotuj sw\u00f3j ogr\u00f3d na zim\u0119! Jesie\u0144 powoli odchodzi, a przed nami zima. To czas, kiedy nasz ogr\u00f3d potrzebuje szczeg\u00f3lnej troski, aby przetrwa\u0107 mrozy i powr\u00f3ci\u0107 wiosn\u0105 w pe\u0142nej krasie. Zima to okres spoczynku dla ro\u015blin, ale odpowiednie przygotowanie jest kluczowe dla ich zdrowia i obfitego kwitnienia w przysz\u0142ym roku. Dlatego warto po\u015bwi\u0119ci\u0107 troch\u0119 czasu na [&hellip;]<\/p>\n","protected":false},"author":1,"featured_media":0,"comment_status":"open","ping_status":"closed","sticky":false,"template":"","format":"standard","meta":{"_et_pb_use_builder":"","_et_pb_old_content":"","_et_gb_content_width":"","footnotes":"","_wpscppro_dont_share_socialmedia":false,"_wpscppro_custom_social_share_image":0,"_facebook_share_type":"","_twitter_share_type":"","_linkedin_share_type":"","_pinterest_share_type":"","_linkedin_share_type_page":"","_instagram_share_type":"","_medium_share_type":"","_threads_share_type":"","_google_business_share_type":"","_selected_social_profile":[],"_wpsp_enable_custom_social_template":false,"_wpsp_social_scheduling":{"enabled":false,"datetime":null,"platforms":[],"status":"template_only","dateOption":"today","timeOption":"now","customDays":"","customHours":"","customDate":"","customTime":"","schedulingType":"absolute"},"_wpsp_active_default_template":true},"categories":[818],"tags":[1771,1822,1793,823,1794,825,1766],"class_list":["post-3594","post","type-post","status-publish","format-standard","hentry","category-balkon-i-ogrod","tag-krzewy","tag-listopad","tag-magnolie","tag-ogrod","tag-rododendrony","tag-roze","tag-zima","et-doesnt-have-format-content","et_post_format-et-post-format-standard"],"aioseo_notices":[],"_links":{"self":[{"href":"https:\/\/www.jestempaniadomu.pl\/index.php\/wp-json\/wp\/v2\/posts\/3594","targetHints":{"allow":["GET"]}}],"collection":[{"href":"https:\/\/www.jestempaniadomu.pl\/index.php\/wp-json\/wp\/v2\/posts"}],"about":[{"href":"https:\/\/www.jestempaniadomu.pl\/index.php\/wp-json\/wp\/v2\/types\/post"}],"author":[{"embeddable":true,"href":"https:\/\/www.jestempaniadomu.pl\/index.php\/wp-json\/wp\/v2\/users\/1"}],"replies":[{"embeddable":true,"href":"https:\/\/www.jestempaniadomu.pl\/index.php\/wp-json\/wp\/v2\/comments?post=3594"}],"version-history":[{"count":0,"href":"https:\/\/www.jestempaniadomu.pl\/index.php\/wp-json\/wp\/v2\/posts\/3594\/revisions"}],"wp:attachment":[{"href":"https:\/\/www.jestempaniadomu.pl\/index.php\/wp-json\/wp\/v2\/media?parent=3594"}],"wp:term":[{"taxonomy":"category","embeddable":true,"href":"https:\/\/www.jestempaniadomu.pl\/index.php\/wp-json\/wp\/v2\/categories?post=3594"},{"taxonomy":"post_tag","embeddable":true,"href":"https:\/\/www.jestempaniadomu.pl\/index.php\/wp-json\/wp\/v2\/tags?post=3594"}],"curies":[{"name":"wp","href":"https:\/\/api.w.org\/{rel}","templated":true}]}}